{"id":7835,"date":"2022-06-14T07:56:20","date_gmt":"2022-06-14T05:56:20","guid":{"rendered":"http:\/\/www.jsgnordsuedcap.de\/?p=7835"},"modified":"2022-06-23T12:57:11","modified_gmt":"2022-06-23T10:57:11","slug":"neues-trainerteam-fuer-die-u9","status":"publish","type":"post","link":"https:\/\/www.jsgnordsuedcap.de\/?p=7835","title":{"rendered":"Neues Trainerteam f\u00fcr die U9"},"content":{"rendered":"\n<p>Ein komplettes Trainerteam konnte JSG Gesch\u00e4ftsf\u00fchrer <strong>R\u00fcdiger Willms<\/strong> gestern in der JSG begr\u00fc\u00dfen: <strong>David Danielzyk<\/strong> (Jahrgang 1976) wird zur neuen Saison die U9 \u00fcbernehmen. 2 weitere V\u00e4ter werden ihn unterst\u00fctzen: <strong>Benjamin van der Linden <\/strong>und<strong> Mitat Ata,<\/strong> deren S\u00f6hne ebenfalls bei der neuen U9 spielen werden. <\/p>\n\n\n\n<figure class=\"wp-block-image size-large is-resized\"><a href=\"http:\/\/www.jsgnordsuedcap.de\/wp-content\/uploads\/2022\/06\/Benjamin-van-der-Linden.jpg\"><img loading=\"lazy\" decoding=\"async\" src=\"http:\/\/www.jsgnordsuedcap.de\/wp-content\/uploads\/2022\/06\/Benjamin-van-der-Linden-1024x665.jpg\" alt=\"\" class=\"wp-image-7840\" width=\"195\" height=\"127\" srcset=\"https:\/\/www.jsgnordsuedcap.de\/wp-content\/uploads\/2022\/06\/Benjamin-van-der-Linden-1024x665.jpg 1024w, https:\/\/www.jsgnordsuedcap.de\/wp-content\/uploads\/2022\/06\/Benjamin-van-der-Linden-300x195.jpg 300w, https:\/\/www.jsgnordsuedcap.de\/wp-content\/uploads\/2022\/06\/Benjamin-van-der-Linden-768x498.jpg 768w, https:\/\/www.jsgnordsuedcap.de\/wp-content\/uploads\/2022\/06\/Benjamin-van-der-Linden-1536x997.jpg 1536w, https:\/\/www.jsgnordsuedcap.de\/wp-content\/uploads\/2022\/06\/Benjamin-van-der-Linden.jpg 2026w\" sizes=\"auto, (max-width: 195px) 100vw, 195px\" \/><\/a><figcaption><strong>Benjamin van der Linden<\/strong><\/figcaption><\/figure>\n\n\n\n<figure class=\"wp-block-image size-large is-resized\"><a href=\"http:\/\/www.jsgnordsuedcap.de\/wp-content\/uploads\/2022\/06\/David-Danielzik.jpg\"><img loading=\"lazy\" decoding=\"async\" src=\"http:\/\/www.jsgnordsuedcap.de\/wp-content\/uploads\/2022\/06\/David-Danielzik-1024x626.jpg\" alt=\"\" class=\"wp-image-7842\" width=\"195\" height=\"118\" srcset=\"https:\/\/www.jsgnordsuedcap.de\/wp-content\/uploads\/2022\/06\/David-Danielzik-1024x626.jpg 1024w, https:\/\/www.jsgnordsuedcap.de\/wp-content\/uploads\/2022\/06\/David-Danielzik-300x183.jpg 300w, https:\/\/www.jsgnordsuedcap.de\/wp-content\/uploads\/2022\/06\/David-Danielzik-768x469.jpg 768w, https:\/\/www.jsgnordsuedcap.de\/wp-content\/uploads\/2022\/06\/David-Danielzik-1536x939.jpg 1536w, https:\/\/www.jsgnordsuedcap.de\/wp-content\/uploads\/2022\/06\/David-Danielzik-2048x1252.jpg 2048w\" sizes=\"auto, (max-width: 195px) 100vw, 195px\" \/><\/a><figcaption><strong>David Danielzyk<\/strong><\/figcaption><\/figure>\n\n\n\n<figure class=\"wp-block-image size-large is-resized\"><a href=\"http:\/\/www.jsgnordsuedcap.de\/wp-content\/uploads\/2022\/06\/Mitat-Ata.jpg\"><img loading=\"lazy\" decoding=\"async\" src=\"http:\/\/www.jsgnordsuedcap.de\/wp-content\/uploads\/2022\/06\/Mitat-Ata-1024x635.jpg\" alt=\"\" class=\"wp-image-7843\" width=\"192\" height=\"119\" srcset=\"https:\/\/www.jsgnordsuedcap.de\/wp-content\/uploads\/2022\/06\/Mitat-Ata-1024x635.jpg 1024w, https:\/\/www.jsgnordsuedcap.de\/wp-content\/uploads\/2022\/06\/Mitat-Ata-300x186.jpg 300w, https:\/\/www.jsgnordsuedcap.de\/wp-content\/uploads\/2022\/06\/Mitat-Ata-768x476.jpg 768w, https:\/\/www.jsgnordsuedcap.de\/wp-content\/uploads\/2022\/06\/Mitat-Ata-1536x953.jpg 1536w, https:\/\/www.jsgnordsuedcap.de\/wp-content\/uploads\/2022\/06\/Mitat-Ata-2048x1270.jpg 2048w\" sizes=\"auto, (max-width: 192px) 100vw, 192px\" \/><\/a><figcaption><strong>Mitat Ata<\/strong><\/figcaption><\/figure>\n\n\n\n<p>Mit David D. kann die JSG nun einen sehr erfahrenen ehemaligen Profi-Fu\u00dfballer und Trainer pr\u00e4sentieren: David hat Ende der 90er Jahre die Jugendteams des BVB durchlaufen und war zugleich Jugend- Nationalspieler. Er spielte bei den Amateuren des BVB und stand unter <strong>Ottmar Hitzfeld<\/strong> sogar auf dem Sprung zu den Profis, als ihn leider eine ernste Verletzung stoppte. Er konnte aber sp\u00e4ter wieder aktiv sein und war u.a.bei Waldhof Mannheim, hat dort den Aufstieg von der 3. in die 2. Liga mitgemacht. Nach weiteren Stationen bei Spfr. Beckum und dem L\u00fcner SV spielte er sogar zum Schlu\u00df seiner Karriere ca. 2 Jahre beim SV S\u00fcdkirchen in der Bezirksliga. Er hat den \u00dcbungsleiter C- Schein, ist als Physiotherapeut selbstst\u00e4ndig in Dortmund t\u00e4tig und ist bestens in unserer Region vernetzt.<\/p>\n\n\n\n<p><strong>Wir w\u00fcnschen dem Trainerteam einen guten Start und viel Spa\u00df mit der neuen U9 !!!  Weitere Infos \/ Fotos folgen noch!<\/strong><\/p>\n\n\n\n<p><\/p>\n","protected":false},"excerpt":{"rendered":"<p>Ein komplettes Trainerteam konnte JSG Gesch\u00e4ftsf\u00fchrer R\u00fcdiger Willms gestern in der JSG begr\u00fc\u00dfen: David Danielzyk (Jahrgang 1976) wird zur neuen Saison die U9 \u00fcbernehmen. 2 weitere V\u00e4ter werden ihn unterst\u00fctzen: Benjamin van der Linden und Mitat Ata, deren S\u00f6hne ebenfalls &hellip; <a href=\"https:\/\/www.jsgnordsuedcap.de\/?p=7835\">Weiterlesen <span class=\"meta-nav\">&rarr;<\/span><\/a><\/p>\n","protected":false},"author":4,"featured_media":0,"comment_status":"closed","ping_status":"closed","sticky":false,"template":"","format":"standard","meta":{"om_disable_all_campaigns":false,"jetpack_post_was_ever_published":false,"_jetpack_newsletter_access":"","_jetpack_dont_email_post_to_subs":false,"_jetpack_newsletter_tier_id":0,"_jetpack_memberships_contains_paywalled_content":false,"_jetpack_memberships_contains_paid_content":false,"footnotes":"","jetpack_publicize_message":"","jetpack_publicize_feature_enabled":true,"jetpack_social_post_already_shared":true,"jetpack_social_options":{"image_generator_settings":{"template":"highway","default_image_id":0,"font":"","enabled":false},"version":2}},"categories":[1],"tags":[],"class_list":["post-7835","post","type-post","status-publish","format-standard","hentry","category-uncategorized"],"aioseo_notices":[],"jetpack_publicize_connections":[],"jetpack_featured_media_url":"","jetpack_shortlink":"https:\/\/wp.me\/p4xSmw-22n","jetpack_sharing_enabled":true,"_links":{"self":[{"href":"https:\/\/www.jsgnordsuedcap.de\/index.php?rest_route=\/wp\/v2\/posts\/7835","targetHints":{"allow":["GET"]}}],"collection":[{"href":"https:\/\/www.jsgnordsuedcap.de\/index.php?rest_route=\/wp\/v2\/posts"}],"about":[{"href":"https:\/\/www.jsgnordsuedcap.de\/index.php?rest_route=\/wp\/v2\/types\/post"}],"author":[{"embeddable":true,"href":"https:\/\/www.jsgnordsuedcap.de\/index.php?rest_route=\/wp\/v2\/users\/4"}],"replies":[{"embeddable":true,"href":"https:\/\/www.jsgnordsuedcap.de\/index.php?rest_route=%2Fwp%2Fv2%2Fcomments&post=7835"}],"version-history":[{"count":2,"href":"https:\/\/www.jsgnordsuedcap.de\/index.php?rest_route=\/wp\/v2\/posts\/7835\/revisions"}],"predecessor-version":[{"id":7844,"href":"https:\/\/www.jsgnordsuedcap.de\/index.php?rest_route=\/wp\/v2\/posts\/7835\/revisions\/7844"}],"wp:attachment":[{"href":"https:\/\/www.jsgnordsuedcap.de\/index.php?rest_route=%2Fwp%2Fv2%2Fmedia&parent=7835"}],"wp:term":[{"taxonomy":"category","embeddable":true,"href":"https:\/\/www.jsgnordsuedcap.de\/index.php?rest_route=%2Fwp%2Fv2%2Fcategories&post=7835"},{"taxonomy":"post_tag","embeddable":true,"href":"https:\/\/www.jsgnordsuedcap.de\/index.php?rest_route=%2Fwp%2Fv2%2Ftags&post=7835"}],"curies":[{"name":"wp","href":"https:\/\/api.w.org\/{rel}","templated":true}]}}